{"id":226,"date":"2009-03-16T02:32:14","date_gmt":"2009-03-16T06:32:14","guid":{"rendered":"https:\/\/forbesgrant.com\/blog\/?p=226"},"modified":"2022-01-12T08:25:58","modified_gmt":"2022-01-12T13:25:58","slug":"day-16-what-recession","status":"publish","type":"post","link":"https:\/\/forbesgrant.com\/blog\/2009\/03\/16\/day-16-what-recession\/","title":{"rendered":"Day 16&#8211;What Recession?"},"content":{"rendered":"<p>While there is no doubt we are in a recession, it doesn&#8217;t appear visible here, at least from an outsider&#8217;s perspective. The Europeans have not bought into the stimulus idea. Hard to know whether that makes sense yet (although I noticed that the NYT chided them the other day to get the lead out&#8217;), but\u00a0<em>les Parisians\u00a0<\/em>are going about their business every day, from all appearances, like everyone else, I guess, but I supppose there&#8217;s really no choice but to do that.<\/p>\n<p>I suspect, however, that the shops and restaurants and hotels here, especially the high end ones, are hurting. An article in the IHT the other day talked about the return to automated food vending machines, surprising really, when even the\u00a0<em>boulanger\u00a0\u00a0<\/em>around the corner has tasty-looking sandwiches at seemingly reasonable prices.\u00a0It has long\u00a0line-ups at lunch time, students, construction workers,\u00a0<em>tout le monde<\/em>.<\/p>\n<p>Meanwhile, our friend Linda asked to see photos of our place here, so I&#8217;ve attached a few. Note the computers on the dining room table; we each brought one to avoid domestic dispute. I &#8220;Skyped&#8221; this for my daughter the other day.<\/p>\n<p>It&#8217;s another beautiful day here, just on the cusp of spring, so after Sandy&#8217;s class, we went to Caf\u00e9 de la Mairie, 8, pl. Saint-Sulpice, on\u00a0the north side of the\u00a0square, another great people-watching spot where I&#8217;ve been coming for 25 years. Its great location is why, for a roast beef sandwich and a beer, it&#8217;s not exactly inexpensive. You might recognize the place as it shows up in many films set in Paris. We didn&#8217;t see anyone famous although Jude Law walked by Sandy the other day and the guy sitting next to us at the Caf\u00e9 reading\u00a0<em>Le Monde<\/em>could win the Jean-Paul Sartre look alike contest, wall-eye, pipe and all. His wife didn&#8217;t look like Simone de Beauvoir, though. I figurered\u00a0he&#8217;d think I was a goof (and probably be right) if I asked to take his picture so I showed some restraint.<\/p>\n<p>After an apple tart from Poil\u00e2ne, not to be missed although I certainly could have missed it, we hung out in the Jardin du Luxembourg where I had a bit of a nap. (Maybe not such a good idea in light of the ballet coming up tonight.)<\/p>\n<p>*****<\/p>\n<p>The ballet wasn&#8217;t as good as the one last week although I liked the Mahler 3rd better than the Mozart. Although modern, as Sandy\u00a0explains, it was way too\u00a0<em>pas de deux\u00a0<\/em>and twirly for me although it reminded me that I haven&#8217;t been to a Yoga class since we&#8217;ve been here. The Op\u00e9ra Bastille couldn&#8217;t be more different from Palais Garnier if\u00a0they had tried, the former much less ornate and more functional as befitted the century, I guess.<\/p>\n<p>Afterwards, we went to a\u00a0bustling little\u00a0spot in the north end of the Marais, across Place Bastille which we had\u00a0enjoyed the last time we were here, called Caf\u00e9 des Mus\u00e9es, 49, rue de Turenne, near both the Mus\u00e9e Picasso and Mus\u00e9e Carnavalet.<\/p>\n\n\t\t<style type=\"text\/css\">\n\t\t\t#gallery-1 {\n\t\t\t\tmargin: auto;\n\t\t\t}\n\t\t\t#gallery-1 .gallery-item {\n\t\t\t\tfloat: left;\n\t\t\t\tmargin-top: 10px;\n\t\t\t\ttext-align: center;\n\t\t\t\twidth: 33%;\n\t\t\t}\n\t\t\t#gallery-1 img {\n\t\t\t\tborder: 2px solid #cfcfcf;\n\t\t\t}\n\t\t\t#gallery-1 .gallery-caption {\n\t\t\t\tmargin-left: 0;\n\t\t\t}\n\t\t\t\/* see gallery_shortcode() in wp-includes\/media.php *\/\n\t\t<\/style>\n\t\t<div id='gallery-1' class='gallery galleryid-226 gallery-columns-3 gallery-size-thumbnail'><dl class='gallery-item'>\n\t\t\t<dt class='gallery-icon landscape'>\n\t\t\t\t<a href='https:\/\/forbesgrant.com\/blog\/2009\/03\/16\/day-16-what-recession\/112_366\/'><img width=\"190\" height=\"140\" src=\"https:\/\/forbesgrant.com\/blog\/wp-content\/uploads\/2009\/03\/112_366-190x140.jpg\" class=\"attachment-thumbnail size-thumbnail\" alt=\"\" loading=\"lazy\" aria-describedby=\"gallery-1-228\" \/><\/a>\n\t\t\t<\/dt>\n\t\t\t\t<dd class='wp-caption-text gallery-caption' id='gallery-1-228'>\n\t\t\t\tLooking into living room.\n\t\t\t\t<\/dd><\/dl><dl class='gallery-item'>\n\t\t\t<dt class='gallery-icon landscape'>\n\t\t\t\t<a href='https:\/\/forbesgrant.com\/blog\/2009\/03\/16\/day-16-what-recession\/112_367\/'><img width=\"190\" height=\"140\" src=\"https:\/\/forbesgrant.com\/blog\/wp-content\/uploads\/2009\/03\/112_367-190x140.jpg\" class=\"attachment-thumbnail size-thumbnail\" alt=\"\" loading=\"lazy\" aria-describedby=\"gallery-1-229\" \/><\/a>\n\t\t\t<\/dt>\n\t\t\t\t<dd class='wp-caption-text gallery-caption' id='gallery-1-229'>\n\t\t\t\tLooking into kitchen. Bottle of Armagnac on counter.\n\t\t\t\t<\/dd><\/dl><dl class='gallery-item'>\n\t\t\t<dt class='gallery-icon landscape'>\n\t\t\t\t<a href='https:\/\/forbesgrant.com\/blog\/2009\/03\/16\/day-16-what-recession\/112_368\/'><img width=\"190\" height=\"140\" src=\"https:\/\/forbesgrant.com\/blog\/wp-content\/uploads\/2009\/03\/112_368-190x140.jpg\" class=\"attachment-thumbnail size-thumbnail\" alt=\"\" loading=\"lazy\" aria-describedby=\"gallery-1-230\" \/><\/a>\n\t\t\t<\/dt>\n\t\t\t\t<dd class='wp-caption-text gallery-caption' id='gallery-1-230'>\n\t\t\t\tLooking into dining room.\n\t\t\t\t<\/dd><\/dl><br style=\"clear: both\" \/><dl class='gallery-item'>\n\t\t\t<dt class='gallery-icon landscape'>\n\t\t\t\t<a href='https:\/\/forbesgrant.com\/blog\/2009\/03\/16\/day-16-what-recession\/112_369\/'><img width=\"190\" height=\"140\" src=\"https:\/\/forbesgrant.com\/blog\/wp-content\/uploads\/2009\/03\/112_369-190x140.jpg\" class=\"attachment-thumbnail size-thumbnail\" alt=\"\" loading=\"lazy\" aria-describedby=\"gallery-1-231\" \/><\/a>\n\t\t\t<\/dt>\n\t\t\t\t<dd class='wp-caption-text gallery-caption' id='gallery-1-231'>\n\t\t\t\tCafe de la Mairie\n\t\t\t\t<\/dd><\/dl><dl class='gallery-item'>\n\t\t\t<dt class='gallery-icon landscape'>\n\t\t\t\t<a href='https:\/\/forbesgrant.com\/blog\/2009\/03\/16\/day-16-what-recession\/112_370\/'><img width=\"190\" height=\"140\" src=\"https:\/\/forbesgrant.com\/blog\/wp-content\/uploads\/2009\/03\/112_370-190x140.jpg\" class=\"attachment-thumbnail size-thumbnail\" alt=\"\" loading=\"lazy\" aria-describedby=\"gallery-1-232\" \/><\/a>\n\t\t\t<\/dt>\n\t\t\t\t<dd class='wp-caption-text gallery-caption' id='gallery-1-232'>\n\t\t\t\tLe Jardin\n\t\t\t\t<\/dd><\/dl><dl class='gallery-item'>\n\t\t\t<dt class='gallery-icon landscape'>\n\t\t\t\t<a href='https:\/\/forbesgrant.com\/blog\/2009\/03\/16\/day-16-what-recession\/112_371\/'><img width=\"190\" height=\"140\" src=\"https:\/\/forbesgrant.com\/blog\/wp-content\/uploads\/2009\/03\/112_371-190x140.jpg\" class=\"attachment-thumbnail size-thumbnail\" alt=\"\" loading=\"lazy\" aria-describedby=\"gallery-1-233\" \/><\/a>\n\t\t\t<\/dt>\n\t\t\t\t<dd class='wp-caption-text gallery-caption' id='gallery-1-233'>\n\t\t\t\tMore&#8230;\n\t\t\t\t<\/dd><\/dl><br style=\"clear: both\" \/><dl class='gallery-item'>\n\t\t\t<dt class='gallery-icon landscape'>\n\t\t\t\t<a href='https:\/\/forbesgrant.com\/blog\/2009\/03\/16\/day-16-what-recession\/112_372\/'><img width=\"190\" height=\"140\" src=\"https:\/\/forbesgrant.com\/blog\/wp-content\/uploads\/2009\/03\/112_372-190x140.jpg\" class=\"attachment-thumbnail size-thumbnail\" alt=\"\" loading=\"lazy\" aria-describedby=\"gallery-1-234\" \/><\/a>\n\t\t\t<\/dt>\n\t\t\t\t<dd class='wp-caption-text gallery-caption' id='gallery-1-234'>\n\t\t\t\tThe Senat, powerless, much like ours. I don&#8217;t know who the guy on the left is.\n\t\t\t\t<\/dd><\/dl><dl class='gallery-item'>\n\t\t\t<dt class='gallery-icon landscape'>\n\t\t\t\t<a href='https:\/\/forbesgrant.com\/blog\/2009\/03\/16\/day-16-what-recession\/112_373\/'><img width=\"190\" height=\"140\" src=\"https:\/\/forbesgrant.com\/blog\/wp-content\/uploads\/2009\/03\/112_373-190x140.jpg\" class=\"attachment-thumbnail size-thumbnail\" alt=\"\" loading=\"lazy\" aria-describedby=\"gallery-1-235\" \/><\/a>\n\t\t\t<\/dt>\n\t\t\t\t<dd class='wp-caption-text gallery-caption' id='gallery-1-235'>\n\t\t\t\tCloser view of the pond.\n\t\t\t\t<\/dd><\/dl><dl class='gallery-item'>\n\t\t\t<dt class='gallery-icon landscape'>\n\t\t\t\t<a href='https:\/\/forbesgrant.com\/blog\/2009\/03\/16\/day-16-what-recession\/112_374\/'><img width=\"190\" height=\"140\" src=\"https:\/\/forbesgrant.com\/blog\/wp-content\/uploads\/2009\/03\/112_374-190x140.jpg\" class=\"attachment-thumbnail size-thumbnail\" alt=\"\" loading=\"lazy\" aria-describedby=\"gallery-1-236\" \/><\/a>\n\t\t\t<\/dt>\n\t\t\t\t<dd class='wp-caption-text gallery-caption' id='gallery-1-236'>\n\t\t\t\tSelf-explanatory\n\t\t\t\t<\/dd><\/dl><br style=\"clear: both\" \/><dl class='gallery-item'>\n\t\t\t<dt class='gallery-icon landscape'>\n\t\t\t\t<a href='https:\/\/forbesgrant.com\/blog\/2009\/03\/16\/day-16-what-recession\/112_375\/'><img width=\"190\" height=\"140\" src=\"https:\/\/forbesgrant.com\/blog\/wp-content\/uploads\/2009\/03\/112_375-190x140.jpg\" class=\"attachment-thumbnail size-thumbnail\" alt=\"\" loading=\"lazy\" aria-describedby=\"gallery-1-237\" \/><\/a>\n\t\t\t<\/dt>\n\t\t\t\t<dd class='wp-caption-text gallery-caption' id='gallery-1-237'>\n\t\t\t\tPlace de la Bastille\n\t\t\t\t<\/dd><\/dl><dl class='gallery-item'>\n\t\t\t<dt class='gallery-icon landscape'>\n\t\t\t\t<a href='https:\/\/forbesgrant.com\/blog\/2009\/03\/16\/day-16-what-recession\/112_376\/'><img width=\"190\" height=\"140\" src=\"https:\/\/forbesgrant.com\/blog\/wp-content\/uploads\/2009\/03\/112_376-190x140.jpg\" class=\"attachment-thumbnail size-thumbnail\" alt=\"\" loading=\"lazy\" aria-describedby=\"gallery-1-238\" \/><\/a>\n\t\t\t<\/dt>\n\t\t\t\t<dd class='wp-caption-text gallery-caption' id='gallery-1-238'>\n\t\t\t\tOpera Bastille\n\t\t\t\t<\/dd><\/dl><dl class='gallery-item'>\n\t\t\t<dt class='gallery-icon landscape'>\n\t\t\t\t<a href='https:\/\/forbesgrant.com\/blog\/2009\/03\/16\/day-16-what-recession\/112_377\/'><img width=\"190\" height=\"140\" src=\"https:\/\/forbesgrant.com\/blog\/wp-content\/uploads\/2009\/03\/112_377-190x140.jpg\" class=\"attachment-thumbnail size-thumbnail\" alt=\"\" loading=\"lazy\" aria-describedby=\"gallery-1-239\" \/><\/a>\n\t\t\t<\/dt>\n\t\t\t\t<dd class='wp-caption-text gallery-caption' id='gallery-1-239'>\n\t\t\t\tMenu at Cafe aux Musees.\n\t\t\t\t<\/dd><\/dl><br style=\"clear: both\" \/><dl class='gallery-item'>\n\t\t\t<dt class='gallery-icon landscape'>\n\t\t\t\t<a href='https:\/\/forbesgrant.com\/blog\/2009\/03\/16\/day-16-what-recession\/112_378\/'><img width=\"190\" height=\"140\" src=\"https:\/\/forbesgrant.com\/blog\/wp-content\/uploads\/2009\/03\/112_378-190x140.jpg\" class=\"attachment-thumbnail size-thumbnail\" alt=\"\" loading=\"lazy\" aria-describedby=\"gallery-1-240\" \/><\/a>\n\t\t\t<\/dt>\n\t\t\t\t<dd class='wp-caption-text gallery-caption' id='gallery-1-240'>\n\t\t\t\tCafe des Musees, exterior. I don&#8217;t know who those freaky looking people with are.\n\t\t\t\t<\/dd><\/dl>\n\t\t\t<br style='clear: both' \/>\n\t\t<\/div>\n\n","protected":false},"excerpt":{"rendered":"<p>While there is no doubt we are in a recession, it doesn&#8217;t appear visible here, at least from an outsider&#8217;s perspective. The Europeans have not bought into the stimulus idea. Hard to know whether that makes sense yet (although I noticed that the NYT chided them the other day to get the lead out&#8217;), but\u00a0les [&hellip;]<\/p>\n","protected":false},"author":1,"featured_media":0,"comment_status":"closed","ping_status":"closed","sticky":false,"template":"","format":"standard","meta":[],"categories":[2],"tags":[],"_links":{"self":[{"href":"https:\/\/forbesgrant.com\/blog\/wp-json\/wp\/v2\/posts\/226"}],"collection":[{"href":"https:\/\/forbesgrant.com\/blog\/wp-json\/wp\/v2\/posts"}],"about":[{"href":"https:\/\/forbesgrant.com\/blog\/wp-json\/wp\/v2\/types\/post"}],"author":[{"embeddable":true,"href":"https:\/\/forbesgrant.com\/blog\/wp-json\/wp\/v2\/users\/1"}],"replies":[{"embeddable":true,"href":"https:\/\/forbesgrant.com\/blog\/wp-json\/wp\/v2\/comments?post=226"}],"version-history":[{"count":3,"href":"https:\/\/forbesgrant.com\/blog\/wp-json\/wp\/v2\/posts\/226\/revisions"}],"predecessor-version":[{"id":1615,"href":"https:\/\/forbesgrant.com\/blog\/wp-json\/wp\/v2\/posts\/226\/revisions\/1615"}],"wp:attachment":[{"href":"https:\/\/forbesgrant.com\/blog\/wp-json\/wp\/v2\/media?parent=226"}],"wp:term":[{"taxonomy":"category","embeddable":true,"href":"https:\/\/forbesgrant.com\/blog\/wp-json\/wp\/v2\/categories?post=226"},{"taxonomy":"post_tag","embeddable":true,"href":"https:\/\/forbesgrant.com\/blog\/wp-json\/wp\/v2\/tags?post=226"}],"curies":[{"name":"wp","href":"https:\/\/api.w.org\/{rel}","templated":true}]}}